{"id":9398,"date":"2025-06-30T11:45:30","date_gmt":"2025-06-30T11:45:30","guid":{"rendered":"https:\/\/mne.ceti.me\/?p=9398"},"modified":"2025-06-30T13:06:55","modified_gmt":"2025-06-30T13:06:55","slug":"posjeta-ministra-ekologije-odrzivog-razvoja-i-razvoja-sjevera","status":"publish","type":"post","link":"https:\/\/mne.ceti.me\/?p=9398","title":{"rendered":"Posjeta Ministra ekologije, odr\u017eivog razvoja i razvoja sjevera"},"content":{"rendered":"\n<p><strong>Ministar ekologije, odr\u017eivog razvoja i razvoja sjevera Damjan \u0106ulafi\u0107<\/strong>, zajedno sa dr\u017eavnim sekretarom Zoranom Dabeti\u0107em i Vesnom Bigovi\u0107, koordinatorkom Ekolo\u0161ke inspekcije, posjetio je <strong>Centar za ekotoksikolo\u0161ka ispitivanja (CETI)<\/strong>. Posjeta je realizovana u cilju sagledavanja trenutnih kapaciteta Centra i razmatranja mogu\u0107nosti za njihovo dalje osna\u017eivanje.<\/p>\n\n\n\n<p>Tokom sastanka sa <strong>izvr\u0161nim direktorom CETI-ja Nikolom Svrkotom<\/strong>, razgovarano je o aktuelnim aktivnostima, ulozi Centra u sistemu za\u0161tite \u017eivotne sredine, kao i o potrebama za unapre\u0111enjem stru\u010dnih i tehni\u010dkih kapaciteta.<\/p>\n\n\n\n<p>Delegacija Ministarstva je obi\u0161la laboratorije CETI-ja, gdje su imali priliku da se direktno upoznaju sa procesima ispitivanja kvaliteta vode, vazduha, zemlji\u0161ta i hrane. Tako\u0111e, izvr\u0161en je i obilazak Skladi\u0161ta radioaktivnog otpada, u kojem su predstavljene procedure bezbjednog upravljanja i skladi\u0161tenja ovakvog materijala, u skladu sa va\u017ee\u0107im standardima i zakonima.<\/p>\n\n\n\n<p>O na\u010dinu rada i tehni\u010dkim procedurama detaljnije je informisala <strong>Danijela Bekri\u0107, direktorica Sektora za laboratorijska ispitivanja i za\u0161titu od zra\u010denja, dok je ispred Sektora za ekonomske, op\u0161te i pravne poslove prisutan bio finansijski direktor Ivan Radovi\u0107<\/strong>.<\/p>\n\n\n\n<p>Posjeta je ocijenjena kao va\u017ean korak ka ja\u010danju me\u0111uinstitucionalne saradnje u oblasti za\u0161tite \u017eivotne sredine, sa posebnim akcentom na tehni\u010dku i stru\u010dnu podr\u0161ku koja je od klju\u010dnog zna\u010daja za sprovo\u0111enje ekolo\u0161kih politika Crne Gore.<\/p>\n\n\n\n<figure class=\"wp-block-image size-medium\"><a href=\"https:\/\/mne.ceti.me\/wp-content\/uploads\/2025\/06\/IMG_20250627_123157-1-scaled.jpg\"><img loading=\"lazy\" width=\"225\" height=\"300\" src=\"https:\/\/mne.ceti.me\/wp-content\/uploads\/2025\/06\/IMG_20250627_123157-1-225x300.jpg\" alt=\"\" class=\"wp-image-9414\" srcset=\"https:\/\/mne.ceti.me\/wp-content\/uploads\/2025\/06\/IMG_20250627_123157-1-225x300.jpg 225w, https:\/\/mne.ceti.me\/wp-content\/uploads\/2025\/06\/IMG_20250627_123157-1-773x1030.jpg 773w, https:\/\/mne.ceti.me\/wp-content\/uploads\/2025\/06\/IMG_20250627_123157-1-768x1024.jpg 768w, https:\/\/mne.ceti.me\/wp-content\/uploads\/2025\/06\/IMG_20250627_123157-1-1152x1536.jpg 1152w, https:\/\/mne.ceti.me\/wp-content\/uploads\/2025\/06\/IMG_20250627_123157-1-1536x2048.jpg 1536w, https:\/\/mne.ceti.me\/wp-content\/uploads\/2025\/06\/IMG_20250627_123157-1-1125x1500.jpg 1125w, https:\/\/mne.ceti.me\/wp-content\/uploads\/2025\/06\/IMG_20250627_123157-1-529x705.jpg 529w, https:\/\/mne.ceti.me\/wp-content\/uploads\/2025\/06\/IMG_20250627_123157-1-scaled.jpg 1920w\" sizes=\"(max-width: 225px) 100vw, 225px\" \/><\/a><\/figure>\n\n\n\n<figure class=\"wp-block-image size-medium\"><a href=\"https:\/\/mne.ceti.me\/wp-content\/uploads\/2025\/06\/IMG_20250627_122559-3-scaled.jpg\"><img loading=\"lazy\" width=\"225\" height=\"300\" src=\"https:\/\/mne.ceti.me\/wp-content\/uploads\/2025\/06\/IMG_20250627_122559-3-225x300.jpg\" alt=\"\" class=\"wp-image-9420\" srcset=\"https:\/\/mne.ceti.me\/wp-content\/uploads\/2025\/06\/IMG_20250627_122559-3-225x300.jpg 225w, https:\/\/mne.ceti.me\/wp-content\/uploads\/2025\/06\/IMG_20250627_122559-3-773x1030.jpg 773w, https:\/\/mne.ceti.me\/wp-content\/uploads\/2025\/06\/IMG_20250627_122559-3-768x1024.jpg 768w, https:\/\/mne.ceti.me\/wp-content\/uploads\/2025\/06\/IMG_20250627_122559-3-1152x1536.jpg 1152w, https:\/\/mne.ceti.me\/wp-content\/uploads\/2025\/06\/IMG_20250627_122559-3-1536x2048.jpg 1536w, https:\/\/mne.ceti.me\/wp-content\/uploads\/2025\/06\/IMG_20250627_122559-3-1125x1500.jpg 1125w, https:\/\/mne.ceti.me\/wp-content\/uploads\/2025\/06\/IMG_20250627_122559-3-529x705.jpg 529w, https:\/\/mne.ceti.me\/wp-content\/uploads\/2025\/06\/IMG_20250627_122559-3-scaled.jpg 1920w\" sizes=\"(max-width: 225px) 100vw, 225px\" \/><\/a><\/figure>\n\n\n\n<figure class=\"wp-block-image size-medium\"><a href=\"https:\/\/mne.ceti.me\/wp-content\/uploads\/2025\/06\/IMG_20250627_123236-1-scaled.jpg\"><img loading=\"lazy\" width=\"225\" height=\"300\" src=\"https:\/\/mne.ceti.me\/wp-content\/uploads\/2025\/06\/IMG_20250627_123236-1-225x300.jpg\" alt=\"\" class=\"wp-image-9419\" srcset=\"https:\/\/mne.ceti.me\/wp-content\/uploads\/2025\/06\/IMG_20250627_123236-1-225x300.jpg 225w, https:\/\/mne.ceti.me\/wp-content\/uploads\/2025\/06\/IMG_20250627_123236-1-773x1030.jpg 773w, https:\/\/mne.ceti.me\/wp-content\/uploads\/2025\/06\/IMG_20250627_123236-1-768x1024.jpg 768w, https:\/\/mne.ceti.me\/wp-content\/uploads\/2025\/06\/IMG_20250627_123236-1-1152x1536.jpg 1152w, https:\/\/mne.ceti.me\/wp-content\/uploads\/2025\/06\/IMG_20250627_123236-1-1536x2048.jpg 1536w, https:\/\/mne.ceti.me\/wp-content\/uploads\/2025\/06\/IMG_20250627_123236-1-1125x1500.jpg 1125w, https:\/\/mne.ceti.me\/wp-content\/uploads\/2025\/06\/IMG_20250627_123236-1-529x705.jpg 529w, https:\/\/mne.ceti.me\/wp-content\/uploads\/2025\/06\/IMG_20250627_123236-1-scaled.jpg 1920w\" sizes=\"(max-width: 225px) 100vw, 225px\" \/><\/a><\/figure>\n","protected":false},"excerpt":{"rendered":"<p>Ministar ekologije, odr\u017eivog razvoja i razvoja sjevera Damjan \u0106ulafi\u0107, zajedno sa dr\u017eavnim sekretarom Zoranom Dabeti\u0107em i Vesnom Bigovi\u0107, koordinatorkom Ekolo\u0161ke inspekcije, posjetio je Centar za ekotoksikolo\u0161ka ispitivanja (CETI). Posjeta je realizovana u cilju sagledavanja trenutnih kapaciteta Centra i razmatranja mogu\u0107nosti za njihovo dalje osna\u017eivanje. Tokom sastanka sa izvr\u0161nim direktorom CETI-ja Nikolom Svrkotom, razgovarano je o [&hellip;]<\/p>\n","protected":false},"author":1,"featured_media":9399,"comment_status":"closed","ping_status":"closed","sticky":false,"template":"","format":"standard","meta":[],"categories":[50],"tags":[280,279,278,75],"_links":{"self":[{"href":"https:\/\/mne.ceti.me\/index.php?rest_route=\/wp\/v2\/posts\/9398"}],"collection":[{"href":"https:\/\/mne.ceti.me\/index.php?rest_route=\/wp\/v2\/posts"}],"about":[{"href":"https:\/\/mne.ceti.me\/index.php?rest_route=\/wp\/v2\/types\/post"}],"author":[{"embeddable":true,"href":"https:\/\/mne.ceti.me\/index.php?rest_route=\/wp\/v2\/users\/1"}],"replies":[{"embeddable":true,"href":"https:\/\/mne.ceti.me\/index.php?rest_route=%2Fwp%2Fv2%2Fcomments&post=9398"}],"version-history":[{"count":4,"href":"https:\/\/mne.ceti.me\/index.php?rest_route=\/wp\/v2\/posts\/9398\/revisions"}],"predecessor-version":[{"id":9422,"href":"https:\/\/mne.ceti.me\/index.php?rest_route=\/wp\/v2\/posts\/9398\/revisions\/9422"}],"wp:featuredmedia":[{"embeddable":true,"href":"https:\/\/mne.ceti.me\/index.php?rest_route=\/wp\/v2\/media\/9399"}],"wp:attachment":[{"href":"https:\/\/mne.ceti.me\/index.php?rest_route=%2Fwp%2Fv2%2Fmedia&parent=9398"}],"wp:term":[{"taxonomy":"category","embeddable":true,"href":"https:\/\/mne.ceti.me\/index.php?rest_route=%2Fwp%2Fv2%2Fcategories&post=9398"},{"taxonomy":"post_tag","embeddable":true,"href":"https:\/\/mne.ceti.me\/index.php?rest_route=%2Fwp%2Fv2%2Ftags&post=9398"}],"curies":[{"name":"wp","href":"https:\/\/api.w.org\/{rel}","templated":true}]}}