{"id":9268,"date":"2024-12-14T11:55:36","date_gmt":"2024-12-14T11:55:36","guid":{"rendered":"https:\/\/mne.ceti.me\/?p=9268"},"modified":"2024-12-14T11:55:37","modified_gmt":"2024-12-14T11:55:37","slug":"treca-i-cetvrta-radionica-za-predstavnike-lokalnih-nevladinih-organizacija-u-okviru-projekta-best-saradnja-u-upravljanju-otpadom","status":"publish","type":"post","link":"https:\/\/mne.ceti.me\/?p=9268","title":{"rendered":"Tre\u0107a i \u010detvrta radionica za predstavnike lokalnih nevladinih organizacija u okviru projekta BEST Saradnja u upravljanju otpadom"},"content":{"rendered":"\n<p>U okviru projekta BEST Saradnja u upravljanju otpadom, u Kola\u0161inu je 5 i 6 decembra odr\u017eana tre\u0107a i \u010detvrta radionica za predstavnike lokalnih nevladinih organizacija.<\/p>\n\n\n\n<p>CETI je organizovao radionice u saradnji sa glavnim partnerom projekta NALED, a odr\u017eane su za predstavnike NVO iz Bijelog Polja, Mojkovca, Kola\u0161ina, Tutina i Novog Pazara. <\/p>\n\n\n\n<p>Na radionicama je diskutovano o izra\u0111enim dokumentima u okviru projekta kao i o zna\u010daju i na\u010dinu aktivnog anga\u017eovanja NVO sektora u oblasti za\u0161tite \u017eivotne sredine<\/p>\n","protected":false},"excerpt":{"rendered":"<p>U okviru projekta BEST Saradnja u upravljanju otpadom, u Kola\u0161inu je 5 i 6 decembra odr\u017eana tre\u0107a i \u010detvrta radionica za predstavnike lokalnih nevladinih organizacija. CETI je organizovao radionice u saradnji sa glavnim partnerom projekta NALED, a odr\u017eane su za predstavnike NVO iz Bijelog Polja, Mojkovca, Kola\u0161ina, Tutina i Novog Pazara. Na radionicama je diskutovano [&hellip;]<\/p>\n","protected":false},"author":1,"featured_media":9269,"comment_status":"closed","ping_status":"closed","sticky":false,"template":"","format":"standard","meta":[],"categories":[50],"tags":[255,102,54],"_links":{"self":[{"href":"https:\/\/mne.ceti.me\/index.php?rest_route=\/wp\/v2\/posts\/9268"}],"collection":[{"href":"https:\/\/mne.ceti.me\/index.php?rest_route=\/wp\/v2\/posts"}],"about":[{"href":"https:\/\/mne.ceti.me\/index.php?rest_route=\/wp\/v2\/types\/post"}],"author":[{"embeddable":true,"href":"https:\/\/mne.ceti.me\/index.php?rest_route=\/wp\/v2\/users\/1"}],"replies":[{"embeddable":true,"href":"https:\/\/mne.ceti.me\/index.php?rest_route=%2Fwp%2Fv2%2Fcomments&post=9268"}],"version-history":[{"count":1,"href":"https:\/\/mne.ceti.me\/index.php?rest_route=\/wp\/v2\/posts\/9268\/revisions"}],"predecessor-version":[{"id":9270,"href":"https:\/\/mne.ceti.me\/index.php?rest_route=\/wp\/v2\/posts\/9268\/revisions\/9270"}],"wp:featuredmedia":[{"embeddable":true,"href":"https:\/\/mne.ceti.me\/index.php?rest_route=\/wp\/v2\/media\/9269"}],"wp:attachment":[{"href":"https:\/\/mne.ceti.me\/index.php?rest_route=%2Fwp%2Fv2%2Fmedia&parent=9268"}],"wp:term":[{"taxonomy":"category","embeddable":true,"href":"https:\/\/mne.ceti.me\/index.php?rest_route=%2Fwp%2Fv2%2Fcategories&post=9268"},{"taxonomy":"post_tag","embeddable":true,"href":"https:\/\/mne.ceti.me\/index.php?rest_route=%2Fwp%2Fv2%2Ftags&post=9268"}],"curies":[{"name":"wp","href":"https:\/\/api.w.org\/{rel}","templated":true}]}}