{"id":8981,"date":"2024-06-10T12:25:14","date_gmt":"2024-06-10T12:25:14","guid":{"rendered":"https:\/\/mne.ceti.me\/?p=8981"},"modified":"2024-06-10T12:25:48","modified_gmt":"2024-06-10T12:25:48","slug":"ceti-ucesnik-na-sajmu-evropskih-projekata","status":"publish","type":"post","link":"https:\/\/mne.ceti.me\/?p=8981","title":{"rendered":"CETI u\u010desnik na Sajmu evropskih projekata"},"content":{"rendered":"\n<p><strong>Centar za ekotoksikolo\u0161ka ispitivanja<\/strong> u\u010destvovao je na Sajmu evropskih projekata koji je organizovala Privredna komora Crne Gore. Sajam je odr\u017ean 8 juna u dvori\u0161tu Dvorca Petrovi\u0107a na Kru\u0161evcu u Podgorici.<\/p>\n\n\n\n<p>Na sajmu su pored organizatora, u\u010destvovale i ostale institucije, organizacije i kompanije koje implementiraju projekte finansirane sredstvima razli\u010ditih programa Evropske unije.<\/p>\n\n\n\n<p>Sajam je imao za cilj promociju rezultata projekata i aktivnosti koje realizuju partneri iz Crne Gore. <\/p>\n\n\n\n<p>Ova manifestacija, pored upoznavanja sa projektima koji su u toku ponudila je mogu\u0107nost umre\u017eavanja sa potencijalnim partnerima za pozive koji se o\u010dekuju u narednom periodu.<\/p>\n\n\n\n<p>Sajam je otvorila predsjednica <strong>Privredne komore Crne Gore dr Nina Draki\u0107<\/strong>, <strong>ministarka evropskih poslova Maida Gor\u010devi\u0107 i predstavnik Delegacije Evropske unije u Crnoj Gori<\/strong>.<\/p>\n\n\n\n<p><\/p>\n\n\n\n<figure class=\"wp-block-gallery has-nested-images columns-default is-cropped\">\n<figure class=\"wp-block-image size-large\"><a href=\"https:\/\/mne.ceti.me\/wp-content\/uploads\/2024\/06\/1718017301863.jpg\"><img loading=\"lazy\" width=\"773\" height=\"1030\" data-id=\"8985\"  src=\"https:\/\/mne.ceti.me\/wp-content\/uploads\/2024\/06\/1718017301863-773x1030.jpg\" alt=\"\" class=\"wp-image-8985\" srcset=\"https:\/\/mne.ceti.me\/wp-content\/uploads\/2024\/06\/1718017301863-773x1030.jpg 773w, https:\/\/mne.ceti.me\/wp-content\/uploads\/2024\/06\/1718017301863-225x300.jpg 225w, https:\/\/mne.ceti.me\/wp-content\/uploads\/2024\/06\/1718017301863-768x1024.jpg 768w, https:\/\/mne.ceti.me\/wp-content\/uploads\/2024\/06\/1718017301863-1152x1536.jpg 1152w, https:\/\/mne.ceti.me\/wp-content\/uploads\/2024\/06\/1718017301863-1125x1500.jpg 1125w, https:\/\/mne.ceti.me\/wp-content\/uploads\/2024\/06\/1718017301863-529x705.jpg 529w, https:\/\/mne.ceti.me\/wp-content\/uploads\/2024\/06\/1718017301863.jpg 1200w\" sizes=\"(max-width: 773px) 100vw, 773px\" \/><\/a><\/figure>\n\n\n\n<figure class=\"wp-block-image size-large\"><a href=\"https:\/\/mne.ceti.me\/wp-content\/uploads\/2024\/06\/1718017302005-scaled.jpg\"><img loading=\"lazy\" width=\"770\" height=\"1030\" data-id=\"8983\"  src=\"https:\/\/mne.ceti.me\/wp-content\/uploads\/2024\/06\/1718017302005-770x1030.jpg\" alt=\"\" class=\"wp-image-8983\" srcset=\"https:\/\/mne.ceti.me\/wp-content\/uploads\/2024\/06\/1718017302005-770x1030.jpg 770w, https:\/\/mne.ceti.me\/wp-content\/uploads\/2024\/06\/1718017302005-224x300.jpg 224w, https:\/\/mne.ceti.me\/wp-content\/uploads\/2024\/06\/1718017302005-768x1027.jpg 768w, https:\/\/mne.ceti.me\/wp-content\/uploads\/2024\/06\/1718017302005-1149x1536.jpg 1149w, https:\/\/mne.ceti.me\/wp-content\/uploads\/2024\/06\/1718017302005-1532x2048.jpg 1532w, https:\/\/mne.ceti.me\/wp-content\/uploads\/2024\/06\/1718017302005-1122x1500.jpg 1122w, https:\/\/mne.ceti.me\/wp-content\/uploads\/2024\/06\/1718017302005-527x705.jpg 527w, https:\/\/mne.ceti.me\/wp-content\/uploads\/2024\/06\/1718017302005-scaled.jpg 1915w\" sizes=\"(max-width: 770px) 100vw, 770px\" \/><\/a><\/figure>\n<\/figure>\n","protected":false},"excerpt":{"rendered":"<p>Centar za ekotoksikolo\u0161ka ispitivanja u\u010destvovao je na Sajmu evropskih projekata koji je organizovala Privredna komora Crne Gore. Sajam je odr\u017ean 8 juna u dvori\u0161tu Dvorca Petrovi\u0107a na Kru\u0161evcu u Podgorici. Na sajmu su pored organizatora, u\u010destvovale i ostale institucije, organizacije i kompanije koje implementiraju projekte finansirane sredstvima razli\u010ditih programa Evropske unije. Sajam je imao za [&hellip;]<\/p>\n","protected":false},"author":1,"featured_media":8984,"comment_status":"closed","ping_status":"closed","sticky":false,"template":"","format":"standard","meta":[],"categories":[50],"tags":[33,119,262],"_links":{"self":[{"href":"https:\/\/mne.ceti.me\/index.php?rest_route=\/wp\/v2\/posts\/8981"}],"collection":[{"href":"https:\/\/mne.ceti.me\/index.php?rest_route=\/wp\/v2\/posts"}],"about":[{"href":"https:\/\/mne.ceti.me\/index.php?rest_route=\/wp\/v2\/types\/post"}],"author":[{"embeddable":true,"href":"https:\/\/mne.ceti.me\/index.php?rest_route=\/wp\/v2\/users\/1"}],"replies":[{"embeddable":true,"href":"https:\/\/mne.ceti.me\/index.php?rest_route=%2Fwp%2Fv2%2Fcomments&post=8981"}],"version-history":[{"count":2,"href":"https:\/\/mne.ceti.me\/index.php?rest_route=\/wp\/v2\/posts\/8981\/revisions"}],"predecessor-version":[{"id":8987,"href":"https:\/\/mne.ceti.me\/index.php?rest_route=\/wp\/v2\/posts\/8981\/revisions\/8987"}],"wp:featuredmedia":[{"embeddable":true,"href":"https:\/\/mne.ceti.me\/index.php?rest_route=\/wp\/v2\/media\/8984"}],"wp:attachment":[{"href":"https:\/\/mne.ceti.me\/index.php?rest_route=%2Fwp%2Fv2%2Fmedia&parent=8981"}],"wp:term":[{"taxonomy":"category","embeddable":true,"href":"https:\/\/mne.ceti.me\/index.php?rest_route=%2Fwp%2Fv2%2Fcategories&post=8981"},{"taxonomy":"post_tag","embeddable":true,"href":"https:\/\/mne.ceti.me\/index.php?rest_route=%2Fwp%2Fv2%2Ftags&post=8981"}],"curies":[{"name":"wp","href":"https:\/\/api.w.org\/{rel}","templated":true}]}}