{"id":8820,"date":"2024-03-22T14:44:20","date_gmt":"2024-03-22T14:44:20","guid":{"rendered":"https:\/\/mne.ceti.me\/?p=8820"},"modified":"2024-03-22T14:44:23","modified_gmt":"2024-03-22T14:44:23","slug":"trening-projekat-best-saradnja-u-upravljanju-otpadom-mojkovac-dobija-500-kanti-za-odlaganje-otpada-i-horizontalnu-presu-za-reciklazno-dvoriste","status":"publish","type":"post","link":"https:\/\/mne.ceti.me\/?p=8820","title":{"rendered":"Trening- Projekat BEST Saradnja u upravljanju otpadom: Mojkovac dobija 500 kanti za odlaganje otpada i horizontalnu presu za recikla\u017eno dvori\u0161te"},"content":{"rendered":"\n<p>Drugi i tre\u0107i trening u sklopu projekta \u201eBEST Saradnja u upravljanju otpadom \u2013 Do odr\u017eive \u017eivotne sredine\u201c odr\u017eao se 18.03. i 19.03.2024. u Mojkovcu. Rije\u010d je o projektu koji sprovodi <strong>Nacionalna alijansa za lokalni ekonomski razvoj (NALED) iz Beograda<\/strong>, u partnerstvu sa <strong>Centrom za ekotoksikolo\u0161ka ispitivanja Podgorica (CETI)<\/strong>, <strong>Javno-komunalnim preduze\u0107em \u201eGradska \u010disto\u0107a\u201c<\/strong> iz Novog Pazara i <strong>op\u0161tinom Mojkovac<\/strong>, a realizuje se kroz program prekograni\u010dne saradnje izme\u0111u Srbije i Crne Gore IPA II 2014 \u2013 2020. Vrijednost projekta je 2,5 miliona eura.<\/p>\n\n\n\n<p>Cilj treninga je unapre\u0111enje kapaciteta op\u0161tina i javno komunalnih preduze\u0107a za sakupljanje otpada, kao i primarnu selekciju otpada, sa ciljem pove\u0107anja koli\u010dine recikliranog otpada, kao i podizanje svijesti lokalnog stanovni\u0161tva o zna\u010daju upravljanja otpadom.<\/p>\n\n\n\n<p>Doga\u0111aj je svojim obra\u0107anjem otvorio predsjednik Op\u0161tine Mojkovac, Vesko Deli\u0107 koji je istakao zna\u010daj ovog projekata za Mojkovac i za lokalno komunalno preduze\u0107e.<\/p>\n\n\n\n<p>\u201cOvo je jedan od prvih projekata Op\u0161tine Mojkovac kada je u pitanju prekograni\u010dna saradnja, a nadam se da \u0107e, ako ovo uspje\u0161no zavr\u0161imo,&nbsp; ovo tek biti po\u010detak uspje\u0161ne saradnje izme\u0111u pograni\u010dnih gradova Srbije i Crne Gore,\u201d kazao je Deli\u0107.<\/p>\n\n\n\n<p>Potpredsjednik Mojkovca, mr Ivan A\u0161anin isti\u010de da Mojkovac u saradnji sa Novim Pazarom nije slu\u010dajno odabran za ovaj pilot projekat zato \u0161to je upravo u ovoj op\u0161tini u fazi saniranje deponije koja je decenijama uzurpirala \u017eivotnu sredinu na \u201cSuzi Evrope\u201d, na Tari.<\/p>\n\n\n\n<p>\u201c\u0160to se ti\u010de odr\u017eivog razvoja i selektiranja otpada imamo izuzetnu saradnju sa Novim Pazarom u okviru ovog projekta i definistivno njihova iskustva oko selektiranja primarnog i sekundarnog otpada \u0107emo primijeniti ovdje. Dobit ovog projekta \u0107e biti 500 kanti za Mojkovac i 1.500 kanti za Novi Pazar, s tim \u0161to \u0107e Mojkovac dobiti i horizontalnu presu koja \u0107e omogu\u0107iti da recikla\u017eno dvori\u0161te koje imamo u Mojkovcu pretvorimo u recikla\u017eni centar,\u201d kazao je A\u0161anin.<\/p>\n\n\n\n<p>Realizacija ovog projekta bi tako\u0111e smanjila tro\u0161kova prevoza otpada do regionalnog otpada u Podgorici kada se zatvori deponija na Tari.<\/p>\n\n\n\n<p>A\u0161anin je ovom prilikom podsjetio da je veliki problem Crne Gore nedovoljan broj regionalnih deponija, te da bi se one u narednom periodu trebale otvarati u sklopu Poglavlja 27.<\/p>\n\n\n\n<p>\u201cPretvaranjem recikla\u017enog dvori\u0161ta u recikla\u017eni centar \u0107emo i\u0107i ka tom cilju i nabaviti jo\u0161 ma\u0161ina i opreme. Sa zadovoljstvom mogu da ka\u017eem da \u0107e ovo biti dobro i za susjedno Bijelo Polje i Kola\u0161in, tako da \u0107e i oni kao dodatni korisnici imati benefite od ovog projekta,\u201d dodao je potpredsjednik Op\u0161tine.<\/p>\n\n\n\n<p>Ovaj projekat donosi i veliku korist sa Novi Pazar i op\u0161tinu Tutin kao dodatnog korisnika. Ovim projektom Novi Pazar dobija 1.500 posuda od 120 litara za primarnu selekciju reciklabilnog otpada u doma\u0107instvima i Akcioni plan za upravljanje reciklabilnim staklom, Tutin dobija jedan vrlo va\u017ean dokument &#8211; Mapu puta za cirkularnu ekonomiju,<\/p>\n\n\n\n<p>Izvr\u0161ni direktor za ekonomsko finansijske poslove JKP \u201e\u010cisto\u0107a\u201c, Novi Pazar,&nbsp; Suad Ljaji\u0107 istakao je da Mojkovac, Kola\u0161in i Bijelo Polje mogu u\u010diti iz iskustva Novog Pazara u ovoj oblasti.<\/p>\n\n\n\n<p>\u201cKada se krene ispo\u010detka u saradnji sa nekim centrom koji ima ve\u0107 razvijeno odvajanje reciklabilnog otpada oni mogu samo da pokupe dobra iskustva, a ona lo\u0161a iskustva s kojima smo se mi susreli zaobi\u0111u. Na lokalnim samouopravama u Crnoj Gori je da se \u0161to prije izrade prate\u0107a dokumenta, mape puta, planovi upravljanja otpadom, a sve sa ciljem da se \u0161to prije uredi sistem upravljanja otpadom. Vi imate dobar NVO sektor po pitanju izrade projektne dokumentacije, prije svega mogu ista\u0107i CETI,\u201d kazao je Ljalji\u0107.<\/p>\n\n\n\n<p>Pozvao je komunalna preduze\u0107a iz regiona da apliciraju kod donatora i da tako po\u010dnu zajedni\u010dku saradnju oko prikupljanja reciklabilnog otpada.<\/p>\n\n\n\n<p>\u201cSvaki kilogram otpada koji ne zavr\u0161i na deponiji je jedan veliki plus za vas. U prosljednjih pet godina Novi Pazar je sakupio preko 3.300.000 kilograma reciklabilnog otpada i po tome smo me\u0111u prve tri lokalne samouprave u Srbiji per capita,\u201d pojasnio je Lalji\u0107.<\/p>\n\n\n\n<p>&nbsp;Ekspertkinja na projektu BEST, Nata\u0161a \u0110oki\u0107 je istakla da su svjesni da je ljudima u lokalnim samoupravama nametnuto previ\u0161e obaveza kada je u pitanju svakodnevno upravljanje otpadom, te da se zbog toga ne treba baviti teorijom, ve\u0107 praksom.<\/p>\n\n\n\n<p>\u201cPrekograni\u010dna i regionalan saradnja \u0107e mnogo vi\u0161e zna\u010diti umjesto izno\u0161enja evropskih direktiva koje su nam svima vi\u0161e manje poznate. Zaista vjerujem da je \u017eiva rije\u010d zna\u010dajna za saradnju i unapre\u0111enje znanja \u0161to je jeste svakako cilj ovog projekta,\u201d kazala \u0110oki\u0107.<\/p>\n\n\n\n<p>Poseban cilj je i podizanje svijesti lokalnog stanovni\u0161tva o zna\u010daju upravljanja otpadom zbog \u010dega \u0107e se organizovati kampanje namijenjene informisanju lokalnog stanovni\u0161tva op\u0161tina koje u\u010destvuju u Projektu.<\/p>\n\n\n\n<p>\u201cOdr\u017ea\u0107emo preostale treninge i radionice sa predstavnicima lokalnih samouprava i javnih komunalnih preduze\u0107a i organizacija civilnog dru\u0161tva. Va\u017ena aktivnost koja nas o\u010dekuje je postavljanje kanti i prese na ulicama gradova korisnika i recikla\u017enom dvori\u0161tu,\u201d najavila je predstavnica projekta BEST NALED, Sanja Kne\u017eevi\u0107 Mitrovi\u0107<\/p>\n\n\n\n<p>Prisutnima se na po\u010detku dana\u0161njeg treninga obratila i predstavnica Ministarstva turizma, ekologije, odr\u017eivog razvoja i razvoja sjevera, Ru\u017eica Brnovi\u0107. Istakla je zadovoljstvo zbog ove me\u0111uregionalne i me\u0111udr\u017eavne saradnje, te najavila da \u0107e u narednom periodu u Crnoj Gori biti usvojena dva krucijalna dokumenta \u2013 Zakon o upravljanju otpadom i Dr\u017eavni plan upravljanja otpadom koji \u0107e biti ra\u0111en na period od pet godina. \u201cJedna od stavki \u0107e biti izbacivanje plasti\u010dnih kesa iz upotrebe, uve\u0161\u0107emo zabranu plastike za jednokratnu upotrebu i ima\u0107emo sistem pro\u0161irene odgovornosti proizvo\u0111a\u010da koji do sada nije funkcionisao. Svaki proizvo\u0111a\u010d i uvoznik \u0107e za svaki proizvod koji stavi na tr\u017ei\u0161te biti odgovoran za njega kada taj proizvod postane otpad,\u201d poru\u010dila je Brnovi\u0107<\/p>\n\n\n\n<figure class=\"wp-block-gallery has-nested-images columns-default is-cropped\">\n<figure class=\"wp-block-image size-large\"><a href=\"https:\/\/mne.ceti.me\/wp-content\/uploads\/2024\/03\/BEST-saradnja-u-upravljanju-otpadom-Mojkovac-1803-2024-DM-8-scaled.jpg\"><img loading=\"lazy\" width=\"1030\" height=\"687\" data-id=\"8826\"  src=\"https:\/\/mne.ceti.me\/wp-content\/uploads\/2024\/03\/BEST-saradnja-u-upravljanju-otpadom-Mojkovac-1803-2024-DM-8-1030x687.jpg\" alt=\"\" class=\"wp-image-8826\" srcset=\"https:\/\/mne.ceti.me\/wp-content\/uploads\/2024\/03\/BEST-saradnja-u-upravljanju-otpadom-Mojkovac-1803-2024-DM-8-1030x687.jpg 1030w, https:\/\/mne.ceti.me\/wp-content\/uploads\/2024\/03\/BEST-saradnja-u-upravljanju-otpadom-Mojkovac-1803-2024-DM-8-300x200.jpg 300w, https:\/\/mne.ceti.me\/wp-content\/uploads\/2024\/03\/BEST-saradnja-u-upravljanju-otpadom-Mojkovac-1803-2024-DM-8-768x512.jpg 768w, https:\/\/mne.ceti.me\/wp-content\/uploads\/2024\/03\/BEST-saradnja-u-upravljanju-otpadom-Mojkovac-1803-2024-DM-8-1536x1024.jpg 1536w, https:\/\/mne.ceti.me\/wp-content\/uploads\/2024\/03\/BEST-saradnja-u-upravljanju-otpadom-Mojkovac-1803-2024-DM-8-2048x1365.jpg 2048w, https:\/\/mne.ceti.me\/wp-content\/uploads\/2024\/03\/BEST-saradnja-u-upravljanju-otpadom-Mojkovac-1803-2024-DM-8-1500x1000.jpg 1500w, https:\/\/mne.ceti.me\/wp-content\/uploads\/2024\/03\/BEST-saradnja-u-upravljanju-otpadom-Mojkovac-1803-2024-DM-8-705x470.jpg 705w\" sizes=\"(max-width: 1030px) 100vw, 1030px\" \/><\/a><\/figure>\n\n\n\n<figure class=\"wp-block-image\"><img\/><\/figure>\n\n\n\n<figure class=\"wp-block-image size-large\"><a href=\"https:\/\/mne.ceti.me\/wp-content\/uploads\/2024\/03\/BEST-saradnja-u-upravljanju-otpadom-Mojkovac-1803-2024-DM-14-scaled.jpg\"><img loading=\"lazy\" width=\"1030\" height=\"687\" data-id=\"8827\"  src=\"https:\/\/mne.ceti.me\/wp-content\/uploads\/2024\/03\/BEST-saradnja-u-upravljanju-otpadom-Mojkovac-1803-2024-DM-14-1030x687.jpg\" alt=\"\" class=\"wp-image-8827\" srcset=\"https:\/\/mne.ceti.me\/wp-content\/uploads\/2024\/03\/BEST-saradnja-u-upravljanju-otpadom-Mojkovac-1803-2024-DM-14-1030x687.jpg 1030w, https:\/\/mne.ceti.me\/wp-content\/uploads\/2024\/03\/BEST-saradnja-u-upravljanju-otpadom-Mojkovac-1803-2024-DM-14-300x200.jpg 300w, https:\/\/mne.ceti.me\/wp-content\/uploads\/2024\/03\/BEST-saradnja-u-upravljanju-otpadom-Mojkovac-1803-2024-DM-14-768x512.jpg 768w, https:\/\/mne.ceti.me\/wp-content\/uploads\/2024\/03\/BEST-saradnja-u-upravljanju-otpadom-Mojkovac-1803-2024-DM-14-1536x1024.jpg 1536w, https:\/\/mne.ceti.me\/wp-content\/uploads\/2024\/03\/BEST-saradnja-u-upravljanju-otpadom-Mojkovac-1803-2024-DM-14-2048x1365.jpg 2048w, https:\/\/mne.ceti.me\/wp-content\/uploads\/2024\/03\/BEST-saradnja-u-upravljanju-otpadom-Mojkovac-1803-2024-DM-14-1500x1000.jpg 1500w, https:\/\/mne.ceti.me\/wp-content\/uploads\/2024\/03\/BEST-saradnja-u-upravljanju-otpadom-Mojkovac-1803-2024-DM-14-705x470.jpg 705w\" sizes=\"(max-width: 1030px) 100vw, 1030px\" \/><\/a><\/figure>\n\n\n\n<figure class=\"wp-block-image\"><img\/><\/figure>\n\n\n\n<figure class=\"wp-block-image\"><img\/><\/figure>\n\n\n\n<figure class=\"wp-block-image\"><img\/><\/figure>\n<\/figure>\n","protected":false},"excerpt":{"rendered":"<p>Drugi i tre\u0107i trening u sklopu projekta \u201eBEST Saradnja u upravljanju otpadom \u2013 Do odr\u017eive \u017eivotne sredine\u201c odr\u017eao se 18.03. i 19.03.2024. u Mojkovcu. Rije\u010d je o projektu koji sprovodi Nacionalna alijansa za lokalni ekonomski razvoj (NALED) iz Beograda, u partnerstvu sa Centrom za ekotoksikolo\u0161ka ispitivanja Podgorica (CETI), Javno-komunalnim preduze\u0107em \u201eGradska \u010disto\u0107a\u201c iz Novog Pazara [&hellip;]<\/p>\n","protected":false},"author":1,"featured_media":8821,"comment_status":"closed","ping_status":"closed","sticky":false,"template":"","format":"standard","meta":[],"categories":[50],"tags":[255,33,259,256,102,109],"_links":{"self":[{"href":"https:\/\/mne.ceti.me\/index.php?rest_route=\/wp\/v2\/posts\/8820"}],"collection":[{"href":"https:\/\/mne.ceti.me\/index.php?rest_route=\/wp\/v2\/posts"}],"about":[{"href":"https:\/\/mne.ceti.me\/index.php?rest_route=\/wp\/v2\/types\/post"}],"author":[{"embeddable":true,"href":"https:\/\/mne.ceti.me\/index.php?rest_route=\/wp\/v2\/users\/1"}],"replies":[{"embeddable":true,"href":"https:\/\/mne.ceti.me\/index.php?rest_route=%2Fwp%2Fv2%2Fcomments&post=8820"}],"version-history":[{"count":1,"href":"https:\/\/mne.ceti.me\/index.php?rest_route=\/wp\/v2\/posts\/8820\/revisions"}],"predecessor-version":[{"id":8828,"href":"https:\/\/mne.ceti.me\/index.php?rest_route=\/wp\/v2\/posts\/8820\/revisions\/8828"}],"wp:featuredmedia":[{"embeddable":true,"href":"https:\/\/mne.ceti.me\/index.php?rest_route=\/wp\/v2\/media\/8821"}],"wp:attachment":[{"href":"https:\/\/mne.ceti.me\/index.php?rest_route=%2Fwp%2Fv2%2Fmedia&parent=8820"}],"wp:term":[{"taxonomy":"category","embeddable":true,"href":"https:\/\/mne.ceti.me\/index.php?rest_route=%2Fwp%2Fv2%2Fcategories&post=8820"},{"taxonomy":"post_tag","embeddable":true,"href":"https:\/\/mne.ceti.me\/index.php?rest_route=%2Fwp%2Fv2%2Ftags&post=8820"}],"curies":[{"name":"wp","href":"https:\/\/api.w.org\/{rel}","templated":true}]}}