{"id":4659,"date":"2017-11-15T13:36:47","date_gmt":"2017-11-15T13:36:47","guid":{"rendered":"https:\/\/mne.ceti.me\/?p=4659"},"modified":"2019-07-14T17:43:05","modified_gmt":"2019-07-14T17:43:05","slug":"ceti-ucesnik-regionalne-konferencije-za-zastitu-i-zdravlje-na-radu","status":"publish","type":"post","link":"https:\/\/mne.ceti.me\/?p=4659","title":{"rendered":"CETI u\u010desnik regionalne konferencije za Za\u0161titu i zdravlje na radu"},"content":{"rendered":"<p>Regionalna konferencija pod motom\u00a0<strong>\u201cGradimo za\u0161titu i zdravlje na radu za XXI vijek\u201c<\/strong>, odr\u017eana je od 26 \u2013 28. oktobra 2017. godine u hotelu Mediteran u Be\u010di\u0107ima.<\/p>\n<p>CETI je na konferenciji predstavljala <strong>direktorica Sektora za za\u0161titu i zdravlje na radu Enida Mujevi\u0107 i Zdravko \u0110ur\u0111evac \u2013 \u0160ef Jedinice za za\u0161titu na radu i odr\u017eavanje<\/strong>. Oni su predstavili djelatnost\u00a0 rada CETI, a posebno u dijelu za\u0161tite i zdravlja na radu.<\/p>\n<p>Na otvaranju konferencije govorili su: ministar rada i socijalnog staranja\u00a0<strong>Kemal Puri\u0161i\u0107<\/strong>, zatim predsjednik Udru\u017eenja za\u0161tite na radu Crne Gore,\u00a0<strong>Zdenko Jankovi\u0107<\/strong>; predstavnik Evropske Agencije za za\u0161titu na radu, menad\u017eer projekta za zapadni Balkan i Tursku,\u00a0<strong>Tsvetomir Tsanev<\/strong>\u00a0i predstavnik Udru\u017eenja za\u0161tite na radu Makedonije,\u00a0<strong>Milan Petkovsk<\/strong>i.<\/p>\n<p>Konferencija je okupila brojne profesionalce iz oblasti za\u0161tite i zdravlja na radu iz Makedonije, Srbije, Kosova, Bugarske, Albanije, Hrvatske, Slovenije i Crne Gore, kao i predstavnike MOR-a (Medjunarodne organizacije rada) i IOSH-a (Institucije za zastitu i zdravlje na radu, iz Velike Britanije).<\/p>\n<p>&nbsp;   <\/p>\n","protected":false},"excerpt":{"rendered":"<p>Regionalna konferencija pod motom\u00a0\u201cGradimo za\u0161titu i zdravlje na radu za XXI vijek\u201c, odr\u017eana je od 26 \u2013 28. oktobra 2017. godine u hotelu Mediteran u Be\u010di\u0107ima. CETI je na konferenciji predstavljala direktorica Sektora za za\u0161titu i zdravlje na radu Enida Mujevi\u0107 i Zdravko \u0110ur\u0111evac \u2013 \u0160ef Jedinice za za\u0161titu na radu i odr\u017eavanje. Oni su [&hellip;]<\/p>\n","protected":false},"author":2,"featured_media":4660,"comment_status":"closed","ping_status":"closed","sticky":false,"template":"","format":"standard","meta":[],"categories":[50],"tags":[44,146],"_links":{"self":[{"href":"https:\/\/mne.ceti.me\/index.php?rest_route=\/wp\/v2\/posts\/4659"}],"collection":[{"href":"https:\/\/mne.ceti.me\/index.php?rest_route=\/wp\/v2\/posts"}],"about":[{"href":"https:\/\/mne.ceti.me\/index.php?rest_route=\/wp\/v2\/types\/post"}],"author":[{"embeddable":true,"href":"https:\/\/mne.ceti.me\/index.php?rest_route=\/wp\/v2\/users\/2"}],"replies":[{"embeddable":true,"href":"https:\/\/mne.ceti.me\/index.php?rest_route=%2Fwp%2Fv2%2Fcomments&post=4659"}],"version-history":[{"count":3,"href":"https:\/\/mne.ceti.me\/index.php?rest_route=\/wp\/v2\/posts\/4659\/revisions"}],"predecessor-version":[{"id":5942,"href":"https:\/\/mne.ceti.me\/index.php?rest_route=\/wp\/v2\/posts\/4659\/revisions\/5942"}],"wp:featuredmedia":[{"embeddable":true,"href":"https:\/\/mne.ceti.me\/index.php?rest_route=\/wp\/v2\/media\/4660"}],"wp:attachment":[{"href":"https:\/\/mne.ceti.me\/index.php?rest_route=%2Fwp%2Fv2%2Fmedia&parent=4659"}],"wp:term":[{"taxonomy":"category","embeddable":true,"href":"https:\/\/mne.ceti.me\/index.php?rest_route=%2Fwp%2Fv2%2Fcategories&post=4659"},{"taxonomy":"post_tag","embeddable":true,"href":"https:\/\/mne.ceti.me\/index.php?rest_route=%2Fwp%2Fv2%2Ftags&post=4659"}],"curies":[{"name":"wp","href":"https:\/\/api.w.org\/{rel}","templated":true}]}}