{"id":4603,"date":"2017-06-16T06:06:25","date_gmt":"2017-06-16T06:06:25","guid":{"rendered":"https:\/\/mne.ceti.me\/?p=4603"},"modified":"2017-06-16T06:06:25","modified_gmt":"2017-06-16T06:06:25","slug":"internacionalna-naucna-konferencija-rad-2017","status":"publish","type":"post","link":"https:\/\/mne.ceti.me\/?p=4603","title":{"rendered":"Internacionalna nau\u010dna konferencija RAD 2017"},"content":{"rendered":"<p>Peta Internacionalna nau\u010dna konferencija RAD 2017, na kojoj su u\u010destvovali predstavnici <strong>Centra za ekotoksikolo\u0161ka ispitivanja<\/strong>, odr\u017eana je u Budvi u periodu od 12 &#8211; 16. juna. Konferencija je obuhvatala oblast radijacije kao i aplikacije u razli\u010ditim poljima istra\u017eivanja. Ovo je peta konferencija, a nau\u010dnici i istra\u017eiva\u010di drugi put su se sastali u Budvi. Predava\u010di su bili iz poznatih evropskih i svjetskih univerziteta, a govorili su o temama radiobiologije, radiohemije, radijacione fizike, radijacije u medicini, radioekologije i mnogim drugim.<\/p>\n<p>Vi\u0161e informacija o konferenciji mo\u017eete na\u0107i na slede\u0107em linku <a href=\"http:\/\/rad2017.rad-conference.org\/news.php\">http:\/\/rad2017.rad-conference.org\/news.php<\/a>.<\/p>\n","protected":false},"excerpt":{"rendered":"<p>Peta Internacionalna nau\u010dna konferencija RAD 2017, na kojoj su u\u010destvovali predstavnici Centra za ekotoksikolo\u0161ka ispitivanja, odr\u017eana je u Budvi u periodu od 12 &#8211; 16. juna. Konferencija je obuhvatala oblast radijacije kao i aplikacije u razli\u010ditim poljima istra\u017eivanja. Ovo je peta konferencija, a nau\u010dnici i istra\u017eiva\u010di drugi put su se sastali u Budvi. Predava\u010di su [&hellip;]<\/p>\n","protected":false},"author":2,"featured_media":4604,"comment_status":"closed","ping_status":"closed","sticky":false,"template":"","format":"standard","meta":[],"categories":[50],"tags":[44,143],"_links":{"self":[{"href":"https:\/\/mne.ceti.me\/index.php?rest_route=\/wp\/v2\/posts\/4603"}],"collection":[{"href":"https:\/\/mne.ceti.me\/index.php?rest_route=\/wp\/v2\/posts"}],"about":[{"href":"https:\/\/mne.ceti.me\/index.php?rest_route=\/wp\/v2\/types\/post"}],"author":[{"embeddable":true,"href":"https:\/\/mne.ceti.me\/index.php?rest_route=\/wp\/v2\/users\/2"}],"replies":[{"embeddable":true,"href":"https:\/\/mne.ceti.me\/index.php?rest_route=%2Fwp%2Fv2%2Fcomments&post=4603"}],"version-history":[{"count":3,"href":"https:\/\/mne.ceti.me\/index.php?rest_route=\/wp\/v2\/posts\/4603\/revisions"}],"predecessor-version":[{"id":4607,"href":"https:\/\/mne.ceti.me\/index.php?rest_route=\/wp\/v2\/posts\/4603\/revisions\/4607"}],"wp:featuredmedia":[{"embeddable":true,"href":"https:\/\/mne.ceti.me\/index.php?rest_route=\/wp\/v2\/media\/4604"}],"wp:attachment":[{"href":"https:\/\/mne.ceti.me\/index.php?rest_route=%2Fwp%2Fv2%2Fmedia&parent=4603"}],"wp:term":[{"taxonomy":"category","embeddable":true,"href":"https:\/\/mne.ceti.me\/index.php?rest_route=%2Fwp%2Fv2%2Fcategories&post=4603"},{"taxonomy":"post_tag","embeddable":true,"href":"https:\/\/mne.ceti.me\/index.php?rest_route=%2Fwp%2Fv2%2Ftags&post=4603"}],"curies":[{"name":"wp","href":"https:\/\/api.w.org\/{rel}","templated":true}]}}