{"id":4252,"date":"2016-10-05T11:01:16","date_gmt":"2016-10-05T11:01:16","guid":{"rendered":"https:\/\/mne.ceti.me\/?p=4252"},"modified":"2016-10-05T11:01:16","modified_gmt":"2016-10-05T11:01:16","slug":"posjeta-predstavnika-etf-a","status":"publish","type":"post","link":"https:\/\/mne.ceti.me\/?p=4252","title":{"rendered":"Posjeta predstavnika ETF-a"},"content":{"rendered":"<p><strong>Centar za ekotoksikolo\u0161ka ispitivanja<\/strong> bio je doma\u0107in posjete predstavnika Elektrotehni\u010dkog fakulteta (ETF), Univerziteta Crne Gore. Predstavnici ETF-a, predvo\u0111eni dekanom Zoranom Veljovi\u0107em posjetili su CETI povodom po\u010detka saradnje na nau\u010dno-istra\u017eiva\u010dkom projektu: \u201cCentar izvrsnosti u bioinformatici \u2013 BIO-ICT\u201d, \u010diji je nosilac ETF.<\/p>\n<p>Gosti su upoznati sa djelatnostima CETI-ja, a razgovarano je o budu\u0107im aktivnostima na pomenutom projektu. Oni su tako\u0111e obi\u0161li Laboratoriju, gdje su imali priliku da se upoznaju sa analizama koje se obavljaju, a predstavljena im je i moderna oprema koju Laboratorija posjeduje.<\/p>\n<p>Dogovorene su budu\u0107e zajedni\u010dke aktivnosti na projektu.<\/p>\n<p><a href=\"https:\/\/mne.ceti.me\/wp-content\/uploads\/2016\/10\/IMG_20161003_155449.jpg\"><img loading=\"lazy\" class=\"alignnone size-medium wp-image-4254\" src=\"https:\/\/mne.ceti.me\/wp-content\/uploads\/2016\/10\/IMG_20161003_155449-300x168.jpg\" alt=\"IMG_20161003_155449\" width=\"300\" height=\"168\" srcset=\"https:\/\/mne.ceti.me\/wp-content\/uploads\/2016\/10\/IMG_20161003_155449-300x168.jpg 300w, https:\/\/mne.ceti.me\/wp-content\/uploads\/2016\/10\/IMG_20161003_155449-768x431.jpg 768w, https:\/\/mne.ceti.me\/wp-content\/uploads\/2016\/10\/IMG_20161003_155449-1030x578.jpg 1030w, https:\/\/mne.ceti.me\/wp-content\/uploads\/2016\/10\/IMG_20161003_155449-1500x842.jpg 1500w, https:\/\/mne.ceti.me\/wp-content\/uploads\/2016\/10\/IMG_20161003_155449-705x396.jpg 705w, https:\/\/mne.ceti.me\/wp-content\/uploads\/2016\/10\/IMG_20161003_155449-450x253.jpg 450w\" sizes=\"(max-width: 300px) 100vw, 300px\" \/><\/a><\/p>\n<p><a href=\"https:\/\/mne.ceti.me\/wp-content\/uploads\/2016\/10\/IMG_20161003_161140.jpg\"><img loading=\"lazy\" class=\"size-medium wp-image-4255\" src=\"https:\/\/mne.ceti.me\/wp-content\/uploads\/2016\/10\/IMG_20161003_161140-300x171.jpg\" alt=\"H\" width=\"300\" height=\"171\" srcset=\"https:\/\/mne.ceti.me\/wp-content\/uploads\/2016\/10\/IMG_20161003_161140-300x171.jpg 300w, https:\/\/mne.ceti.me\/wp-content\/uploads\/2016\/10\/IMG_20161003_161140-768x437.jpg 768w, https:\/\/mne.ceti.me\/wp-content\/uploads\/2016\/10\/IMG_20161003_161140-1030x587.jpg 1030w, https:\/\/mne.ceti.me\/wp-content\/uploads\/2016\/10\/IMG_20161003_161140-1500x854.jpg 1500w, https:\/\/mne.ceti.me\/wp-content\/uploads\/2016\/10\/IMG_20161003_161140-705x401.jpg 705w, https:\/\/mne.ceti.me\/wp-content\/uploads\/2016\/10\/IMG_20161003_161140-450x256.jpg 450w\" sizes=\"(max-width: 300px) 100vw, 300px\" \/><\/a><\/p>\n","protected":false},"excerpt":{"rendered":"<p>Centar za ekotoksikolo\u0161ka ispitivanja bio je doma\u0107in posjete predstavnika Elektrotehni\u010dkog fakulteta (ETF), Univerziteta Crne Gore. Predstavnici ETF-a, predvo\u0111eni dekanom Zoranom Veljovi\u0107em posjetili su CETI povodom po\u010detka saradnje na nau\u010dno-istra\u017eiva\u010dkom projektu: \u201cCentar izvrsnosti u bioinformatici \u2013 BIO-ICT\u201d, \u010diji je nosilac ETF. Gosti su upoznati sa djelatnostima CETI-ja, a razgovarano je o budu\u0107im aktivnostima na pomenutom projektu. [&hellip;]<\/p>\n","protected":false},"author":2,"featured_media":4253,"comment_status":"closed","ping_status":"closed","sticky":false,"template":"","format":"standard","meta":[],"categories":[50],"tags":[111,75,102],"_links":{"self":[{"href":"https:\/\/mne.ceti.me\/index.php?rest_route=\/wp\/v2\/posts\/4252"}],"collection":[{"href":"https:\/\/mne.ceti.me\/index.php?rest_route=\/wp\/v2\/posts"}],"about":[{"href":"https:\/\/mne.ceti.me\/index.php?rest_route=\/wp\/v2\/types\/post"}],"author":[{"embeddable":true,"href":"https:\/\/mne.ceti.me\/index.php?rest_route=\/wp\/v2\/users\/2"}],"replies":[{"embeddable":true,"href":"https:\/\/mne.ceti.me\/index.php?rest_route=%2Fwp%2Fv2%2Fcomments&post=4252"}],"version-history":[{"count":1,"href":"https:\/\/mne.ceti.me\/index.php?rest_route=\/wp\/v2\/posts\/4252\/revisions"}],"predecessor-version":[{"id":4256,"href":"https:\/\/mne.ceti.me\/index.php?rest_route=\/wp\/v2\/posts\/4252\/revisions\/4256"}],"wp:featuredmedia":[{"embeddable":true,"href":"https:\/\/mne.ceti.me\/index.php?rest_route=\/wp\/v2\/media\/4253"}],"wp:attachment":[{"href":"https:\/\/mne.ceti.me\/index.php?rest_route=%2Fwp%2Fv2%2Fmedia&parent=4252"}],"wp:term":[{"taxonomy":"category","embeddable":true,"href":"https:\/\/mne.ceti.me\/index.php?rest_route=%2Fwp%2Fv2%2Fcategories&post=4252"},{"taxonomy":"post_tag","embeddable":true,"href":"https:\/\/mne.ceti.me\/index.php?rest_route=%2Fwp%2Fv2%2Ftags&post=4252"}],"curies":[{"name":"wp","href":"https:\/\/api.w.org\/{rel}","templated":true}]}}