{"id":250,"date":"2014-09-30T21:11:13","date_gmt":"2014-09-30T21:11:13","guid":{"rendered":"http:\/\/wordpress3\/?p=250"},"modified":"2014-12-29T19:28:34","modified_gmt":"2014-12-29T19:28:34","slug":"lorem-ipsum-dolor-sit-amet-consectetuer-adipiscing-elit-aenean-commodo-ligula-eget-dolor-aenean-massa","status":"publish","type":"post","link":"https:\/\/mne.ceti.me\/?p=250","title":{"rendered":"Konferencija Me\u0111unarodne agencije za atomsku energiju"},"content":{"rendered":"<p><em><strong>58. generalna konferencija Me\u0111unarodne agencije za atomsku energiju u Be\u010du, Austrija<\/strong><\/em><\/p>\n<p>U periodu 23-24 septembar 2014. u sklopu odr\u017eavanja 58. generalne konferencije Me\u0111unarodne agencije za atomsku energiju u Be\u010du, Austrija, odr\u017ean je\u00a0<i><b>Nau\u010dni forum: Radioaktivni otpad: Suo\u010davanje sa izazovima &#8211; Nauka i tehnologija za sigurno i odr\u017eivio rje\u0161enje<\/b><\/i>.<\/p>\n<p><!--more--><\/p>\n<p>U radu foruma u\u010destvovala je delegacija D.O.O. Centra za ekotoksikolo\u0161ka ispitivanja Podgorica. Delegaciju su sa\u010dinjavali:<\/p>\n<ul>\n<li>Nada Medenica<\/li>\n<li>Danijela \u0160ukovi\u0107<\/li>\n<li>Zoran Vu\u010dini\u0107<\/li>\n<li>Tomislav An\u0111eli\u0107<\/li>\n<\/ul>\n<p>Povod za prisustvo forumu je bio poziv koji je CETI dobio od strane Me\u0111unarodne agencije za atomsku energiju a imaju\u0107i u vidu da je dio materijala za film koji je prikazan na forumu sniman i u prostorijama CETI i sa aktivnim u\u010de\u0161\u0107em zaposlenih CETI, tokom misije IAEA koja je za cilj imala kondicioniranje izvora zra\u010denja u junu 2014.. Kompletan film je dostupan na adresi:<\/p>\n<p><a href=\"https:\/\/www.youtube.com\/watch?v=3QXSkXHDZgU&amp;list=PLCsYX9QVCDTEIAQ1Wn4P_SQl3HnvRBtRh\">https:\/\/www.youtube.com\/watch?v=3QXSkXHDZgU&amp;list=PLCsYX9QVCDTEIAQ1Wn4P_SQl3HnvRBtRh<\/a><\/p>\n<p>Foto esej: Kondicioniranje radioaktivnih izvora u Crnoj Gori &#8211; IAEA Misija u junu 2014 je dostupan na adresi:<\/p>\n<p><a href=\"http:\/\/www.iaea.org\/newscenter\/multimedia\/photoessays\/radsources\/090914\/montenegro\/\">http:\/\/www.iaea.org\/newscenter\/multimedia\/photoessays\/radsources\/090914\/montenegro<\/a><\/p>\n<p>Samo pominjanje Crne Gore i CETI tokom Foruma je veliko priznanje naporima koji su ulo\u017eeni u prethodnom periodu a koji su za krajnji cilj imali potpuno ure\u0111en sistem upravljanja radioaktivnim otpadom u Crnoj Gori, \u010demu je CETI dao zna\u010dajan doprinos.<\/p>\n<p>Tokom boravka realizovan je niz sastanaka sa predstavnicima najeminentnijih institucija iz regiona koji su za cilj imali unapre\u0111enje saradnje i uklju\u010divanje CETI u realizaciju odre\u0111enog broja me\u0111unarodnih projekata, \u0161to tako\u0111e predstavlja priznanje i prepoznavanje kvaliteta koje CETI posjeduje u ovoj oblasti.<\/p>\n","protected":false},"excerpt":{"rendered":"<p>58. generalna konferencija Me\u0111unarodne agencije za atomsku energiju u Be\u010du, Austrija U periodu 23-24 septembar 2014. u sklopu odr\u017eavanja 58. generalne konferencije Me\u0111unarodne agencije za atomsku energiju u Be\u010du, Austrija, odr\u017ean je\u00a0Nau\u010dni forum: Radioaktivni otpad: Suo\u010davanje sa izazovima &#8211; Nauka i tehnologija za sigurno i odr\u017eivio rje\u0161enje.<\/p>\n","protected":false},"author":1,"featured_media":3346,"comment_status":"closed","ping_status":"closed","sticky":false,"template":"","format":"standard","meta":[],"categories":[50],"tags":[43,41,42,33,44],"_links":{"self":[{"href":"https:\/\/mne.ceti.me\/index.php?rest_route=\/wp\/v2\/posts\/250"}],"collection":[{"href":"https:\/\/mne.ceti.me\/index.php?rest_route=\/wp\/v2\/posts"}],"about":[{"href":"https:\/\/mne.ceti.me\/index.php?rest_route=\/wp\/v2\/types\/post"}],"author":[{"embeddable":true,"href":"https:\/\/mne.ceti.me\/index.php?rest_route=\/wp\/v2\/users\/1"}],"replies":[{"embeddable":true,"href":"https:\/\/mne.ceti.me\/index.php?rest_route=%2Fwp%2Fv2%2Fcomments&post=250"}],"version-history":[{"count":3,"href":"https:\/\/mne.ceti.me\/index.php?rest_route=\/wp\/v2\/posts\/250\/revisions"}],"predecessor-version":[{"id":3349,"href":"https:\/\/mne.ceti.me\/index.php?rest_route=\/wp\/v2\/posts\/250\/revisions\/3349"}],"wp:featuredmedia":[{"embeddable":true,"href":"https:\/\/mne.ceti.me\/index.php?rest_route=\/wp\/v2\/media\/3346"}],"wp:attachment":[{"href":"https:\/\/mne.ceti.me\/index.php?rest_route=%2Fwp%2Fv2%2Fmedia&parent=250"}],"wp:term":[{"taxonomy":"category","embeddable":true,"href":"https:\/\/mne.ceti.me\/index.php?rest_route=%2Fwp%2Fv2%2Fcategories&post=250"},{"taxonomy":"post_tag","embeddable":true,"href":"https:\/\/mne.ceti.me\/index.php?rest_route=%2Fwp%2Fv2%2Ftags&post=250"}],"curies":[{"name":"wp","href":"https:\/\/api.w.org\/{rel}","templated":true}]}}